{"id":3737,"date":"2025-07-21T13:31:23","date_gmt":"2025-07-21T12:31:23","guid":{"rendered":"https:\/\/laisladetabarca.com\/les-pompiers-de-tabarca\/"},"modified":"2026-02-09T16:48:25","modified_gmt":"2026-02-09T15:48:25","slug":"les-pompiers-de-tabarca","status":"publish","type":"post","link":"https:\/\/laisladetabarca.com\/fr\/les-pompiers-de-tabarca\/","title":{"rendered":"Les pompiers de Tabarca"},"content":{"rendered":"<div class=\"wpb-content-wrapper\"><p>[vc_row][vc_column][vc_column_text css=\u00a0\u00bb\u00a0\u00bb]L&rsquo;\u00eele de Tabarca, situ\u00e9e au large d&rsquo;Alicante, est actuellement priv\u00e9e de pompiers permanents en raison du d\u00e9but de la p\u00e9riode de vacances des pompiers. Cette situation, pr\u00e9vue dans le calendrier des \u00e9quipes, survient en plein \u00e9t\u00e9, p\u00e9riode o\u00f9 l&rsquo;\u00eele conna\u00eet son plus fort afflux de visiteurs. <\/p>\n<div id=\"ez-toc-container\" class=\"ez-toc-v2_0_80 counter-hierarchy ez-toc-counter ez-toc-grey ez-toc-container-direction\">\n<div class=\"ez-toc-title-container\">\n<p class=\"ez-toc-title\" style=\"cursor:inherit\">Table of Contents<\/p>\n<span class=\"ez-toc-title-toggle\"><a href=\"#\" class=\"ez-toc-pull-right ez-toc-btn ez-toc-btn-xs ez-toc-btn-default ez-toc-toggle\" aria-label=\"Toggle Table of Content\"><span class=\"ez-toc-js-icon-con\"><span class=\"\"><span class=\"eztoc-hide\" style=\"display:none;\">Toggle<\/span><span class=\"ez-toc-icon-toggle-span\"><svg style=\"fill: #999;color:#999\" xmlns=\"http:\/\/www.w3.org\/2000\/svg\" class=\"list-377408\" width=\"20px\" height=\"20px\" viewBox=\"0 0 24 24\" fill=\"none\"><path d=\"M6 6H4v2h2V6zm14 0H8v2h12V6zM4 11h2v2H4v-2zm16 0H8v2h12v-2zM4 16h2v2H4v-2zm16 0H8v2h12v-2z\" fill=\"currentColor\"><\/path><\/svg><svg style=\"fill: #999;color:#999\" class=\"arrow-unsorted-368013\" xmlns=\"http:\/\/www.w3.org\/2000\/svg\" width=\"10px\" height=\"10px\" viewBox=\"0 0 24 24\" version=\"1.2\" baseProfile=\"tiny\"><path d=\"M18.2 9.3l-6.2-6.3-6.2 6.3c-.2.2-.3.4-.3.7s.1.5.3.7c.2.2.4.3.7.3h11c.3 0 .5-.1.7-.3.2-.2.3-.5.3-.7s-.1-.5-.3-.7zM5.8 14.7l6.2 6.3 6.2-6.3c.2-.2.3-.5.3-.7s-.1-.5-.3-.7c-.2-.2-.4-.3-.7-.3h-11c-.3 0-.5.1-.7.3-.2.2-.3.5-.3.7s.1.5.3.7z\"\/><\/svg><\/span><\/span><\/span><\/a><\/span><\/div>\n<nav><ul class='ez-toc-list ez-toc-list-level-1 ' ><li class='ez-toc-page-1 ez-toc-heading-level-2'><a class=\"ez-toc-link ez-toc-heading-1\" href=\"https:\/\/laisladetabarca.com\/fr\/les-pompiers-de-tabarca\/#Couverture_temporaire_depuis_Alicante\" >Couverture temporaire depuis Alicante<\/a><\/li><li class='ez-toc-page-1 ez-toc-heading-level-2'><a class=\"ez-toc-link ez-toc-heading-2\" href=\"https:\/\/laisladetabarca.com\/fr\/les-pompiers-de-tabarca\/#Une_situation_particuliere_en_haute_saison\" >Une situation particuli\u00e8re en haute saison<\/a><\/li><li class='ez-toc-page-1 ez-toc-heading-level-2'><a class=\"ez-toc-link ez-toc-heading-3\" href=\"https:\/\/laisladetabarca.com\/fr\/les-pompiers-de-tabarca\/#En_attente_de_reactivation_du_service\" >En attente de r\u00e9activation du service<\/a><\/li><\/ul><\/nav><\/div>\n<h2><span class=\"ez-toc-section\" id=\"Couverture_temporaire_depuis_Alicante\"><\/span>Couverture temporaire depuis Alicante<span class=\"ez-toc-section-end\"><\/span><\/h2>\n<p>Tant que la situation persiste, toute intervention du Service de pr\u00e9vention, d&rsquo;extinction et de secours contre les incendies (SPEIS) sera g\u00e9r\u00e9e depuis la caserne des pompiers d&rsquo;Alicante, avec des transferts en bateau vers l&rsquo;\u00eele si n\u00e9cessaire. Ce protocole fait partie des m\u00e9canismes d&rsquo;intervention standard en cas d&rsquo;absence d&rsquo;\u00e9quipe de pompiers permanente \u00e0 Tabarca. <\/p>\n<p>&nbsp;<\/p>\n<h2><span class=\"ez-toc-section\" id=\"Une_situation_particuliere_en_haute_saison\"><\/span>Une situation particuli\u00e8re en haute saison<span class=\"ez-toc-section-end\"><\/span><\/h2>\n<p>Durant l&rsquo;\u00e9t\u00e9, Tabarca accueille chaque jour des centaines de touristes venus profiter de ses plages, de son environnement naturel et de sa gastronomie. L&rsquo;absence occasionnelle du poste de contr\u00f4le co\u00efncide avec cet afflux accru, bien que les autorit\u00e9s locales maintiennent les protocoles d&rsquo;urgence pour ce type de situation. <\/p>\n<p>&nbsp;<\/p>\n<h2><span class=\"ez-toc-section\" id=\"En_attente_de_reactivation_du_service\"><\/span>En attente de r\u00e9activation du service<span class=\"ez-toc-section-end\"><\/span><\/h2>\n<p>L&rsquo;\u00e9quipage devrait revenir sur l&rsquo;\u00eele apr\u00e8s la p\u00e9riode de vacances pr\u00e9vue, r\u00e9tablissant ainsi le service normal. En attendant, une intervention du continent est assur\u00e9e en cas d&rsquo;incident.[\/vc_column_text][\/vc_column][\/vc_row]<\/p>\n<\/div>","protected":false},"excerpt":{"rendered":"<p>[vc_row][vc_column][vc_column_text css=\u00a0\u00bb\u00a0\u00bb]L&rsquo;\u00eele de Tabarca, situ\u00e9e au large d&rsquo;Alicante, est actuellement priv\u00e9e de pompiers permanents en raison du d\u00e9but de la p\u00e9riode de vacances des pompiers. Cette situation, pr\u00e9vue dans le calendrier des \u00e9quipes, survient en plein \u00e9t\u00e9, p\u00e9riode o\u00f9 l&rsquo;\u00eele conna\u00eet son plus fort afflux de visiteurs. Couverture temporaire depuis Alicante Tant que la situation&hellip;<\/p>\n","protected":false},"author":1,"featured_media":3217,"comment_status":"closed","ping_status":"closed","sticky":false,"template":"","format":"standard","meta":{"_joinchat":[],"footnotes":""},"categories":[9],"tags":[],"class_list":["post-3737","post","type-post","status-publish","format-standard","has-post-thumbnail","hentry","category-non-classifiee","category-9","description-off"],"_links":{"self":[{"href":"https:\/\/laisladetabarca.com\/fr\/wp-json\/wp\/v2\/posts\/3737","targetHints":{"allow":["GET"]}}],"collection":[{"href":"https:\/\/laisladetabarca.com\/fr\/wp-json\/wp\/v2\/posts"}],"about":[{"href":"https:\/\/laisladetabarca.com\/fr\/wp-json\/wp\/v2\/types\/post"}],"author":[{"embeddable":true,"href":"https:\/\/laisladetabarca.com\/fr\/wp-json\/wp\/v2\/users\/1"}],"replies":[{"embeddable":true,"href":"https:\/\/laisladetabarca.com\/fr\/wp-json\/wp\/v2\/comments?post=3737"}],"version-history":[{"count":0,"href":"https:\/\/laisladetabarca.com\/fr\/wp-json\/wp\/v2\/posts\/3737\/revisions"}],"wp:featuredmedia":[{"embeddable":true,"href":"https:\/\/laisladetabarca.com\/fr\/wp-json\/wp\/v2\/media\/3217"}],"wp:attachment":[{"href":"https:\/\/laisladetabarca.com\/fr\/wp-json\/wp\/v2\/media?parent=3737"}],"wp:term":[{"taxonomy":"category","embeddable":true,"href":"https:\/\/laisladetabarca.com\/fr\/wp-json\/wp\/v2\/categories?post=3737"},{"taxonomy":"post_tag","embeddable":true,"href":"https:\/\/laisladetabarca.com\/fr\/wp-json\/wp\/v2\/tags?post=3737"}],"curies":[{"name":"wp","href":"https:\/\/api.w.org\/{rel}","templated":true}]}}